{"id":8870,"date":"2026-03-10T16:22:28","date_gmt":"2026-03-10T15:22:28","guid":{"rendered":"https:\/\/naturartvillage.com\/?p=8870"},"modified":"2026-03-10T16:30:32","modified_gmt":"2026-03-10T15:30:32","slug":"san-patrizio","status":"publish","type":"post","link":"https:\/\/naturartvillage.com\/zh\/san-patrizio\/","title":{"rendered":"San Patrizio al Naturart Village: birra, musica e sapori speciali"},"content":{"rendered":"<div data-elementor-type=\"wp-post\" data-elementor-id=\"8870\" class=\"elementor elementor-8870\" data-elementor-post-type=\"post\">\n\t\t\t\t<div class=\"elementor-element elementor-element-37ff2f7 e-flex e-con-boxed e-con e-parent\" data-id=\"37ff2f7\" data-element_type=\"container\">\n\t\t\t\t\t<div class=\"e-con-inner\">\n\t\t\t\t<div class=\"elementor-element elementor-element-9e0434a elementor-widget elementor-widget-image\" data-id=\"9e0434a\" data-element_type=\"widget\" data-widget_type=\"image.default\">\n\t\t\t\t<div class=\"elementor-widget-container\">\n\t\t\t\t\t\t\t\t\t\t\t\t\t\t\t<img fetchpriority=\"high\" decoding=\"async\" width=\"1024\" height=\"654\" src=\"https:\/\/naturartvillage.com\/wp-content\/uploads\/2026\/03\/Naturart.png\" class=\"attachment-large size-large wp-image-8875\" alt=\"\" srcset=\"https:\/\/naturartvillage.com\/wp-content\/uploads\/2026\/03\/Naturart.png 1024w, https:\/\/naturartvillage.com\/wp-content\/uploads\/2026\/03\/Naturart-300x192.png 300w, https:\/\/naturartvillage.com\/wp-content\/uploads\/2026\/03\/Naturart-768x491.png 768w, https:\/\/naturartvillage.com\/wp-content\/uploads\/2026\/03\/Naturart-18x12.png 18w\" sizes=\"(max-width: 1024px) 100vw, 1024px\" \/>\t\t\t\t\t\t\t\t\t\t\t\t\t\t\t<\/div>\n\t\t\t\t<\/div>\n\t\t\t\t<div class=\"elementor-element elementor-element-8172ea5 elementor-widget elementor-widget-text-editor\" data-id=\"8172ea5\" data-element_type=\"widget\" data-widget_type=\"text-editor.default\">\n\t\t\t\t<div class=\"elementor-widget-container\">\n\t\t\t\t\t\t\t\t\t<p>Dal 13 al 17 marzo il <strong>Naturart Village si tinge di verde<\/strong> per celebrare insieme <strong>San Patrizio<\/strong>, una delle feste pi\u00f9 amate della tradizione irlandese. Per tutta la settimana il Village si anima con musica, menu speciali e un\u2019atmosfera tutta da vivere, tra brindisi e sapori pensati per l\u2019occasione.<\/p>\t\t\t\t\t\t\t\t<\/div>\n\t\t\t\t<\/div>\n\t\t\t\t\t<\/div>\n\t\t\t\t<\/div>\n\t\t<div class=\"elementor-element elementor-element-fe65fcc e-flex e-con-boxed e-con e-parent\" data-id=\"fe65fcc\" data-element_type=\"container\">\n\t\t\t\t\t<div class=\"e-con-inner\">\n\t\t\t\t<div class=\"elementor-element elementor-element-f6ef5c2 elementor-widget elementor-widget-text-editor\" data-id=\"f6ef5c2\" data-element_type=\"widget\" data-widget_type=\"text-editor.default\">\n\t\t\t\t<div class=\"elementor-widget-container\">\n\t\t\t\t\t\t\t\t\t<p class=\"p2\"><strong>Menu speciali<\/strong><\/p>\t\t\t\t\t\t\t\t<\/div>\n\t\t\t\t<\/div>\n\t\t\t\t<div class=\"elementor-element elementor-element-9c04632 elementor-widget elementor-widget-text-editor\" data-id=\"9c04632\" data-element_type=\"widget\" data-widget_type=\"text-editor.default\">\n\t\t\t\t<div class=\"elementor-widget-container\">\n\t\t\t\t\t\t\t\t\t<p>Per l\u2019occasione, i corner del Village hanno creato alcune proposte ispirate alla tradizione e ai sapori intensi della cucina irlandese.<\/p>\n<p><br \/>L\u2019<strong>Osteria Il Bivio<\/strong> propone uno spiedone di maiale sambucano al whiskey a 16\u20ac.<br \/><strong>\u51b7<\/strong> porta in tavola una fish pie accompagnata da birra artigianale selezionata a 16\u20ac, mentre per i pi\u00f9 piccoli c\u2019\u00e8 fish &amp; chips con bibita a 13\u20ac.<br \/><strong>All Day Garden<\/strong> serve un ramen con carne marinata alla birra a 12,50\u20ac.<br \/>Da<strong> Savigni<\/strong> si trovano costoline di agnello alla brace sfumate alla birra, servite con pur\u00e8 e verza, a 16\u20ac.<br \/>L\u2019<strong>Antico Pastificio Morelli<\/strong> propone linguine verdi con lamelle di porcini e ricotta stagionata a 15\u20ac oppure mezzi paccheri con pesto di pomodoro, burrata e pistacchi a 14\u20ac.<br \/><strong>\u503c\u5f97\u4e00\u53bb\u7684\u5de2\u7a74<\/strong> porta il classico shepherd\u2019s pie, sformato di carne con pur\u00e8 di patate dorato al forno, a 18\u20ac.<br \/><strong>Menchetti<\/strong> realizza per l\u2019occasione una pizza con base Verna, mozzarella fior di latte, pesto di basilico, salmone e scorza d\u2019arancia: tonda a 12\u20ac o alla pala a 17,90\u20ac<\/p>\t\t\t\t\t\t\t\t<\/div>\n\t\t\t\t<\/div>\n\t\t\t\t<div class=\"elementor-element elementor-element-0d9c14c elementor-widget elementor-widget-text-editor\" data-id=\"0d9c14c\" data-element_type=\"widget\" data-widget_type=\"text-editor.default\">\n\t\t\t\t<div class=\"elementor-widget-container\">\n\t\t\t\t\t\t\t\t\t<p><strong>Musica e atmosfera irlandese<\/strong><\/p>\t\t\t\t\t\t\t\t<\/div>\n\t\t\t\t<\/div>\n\t\t\t\t<div class=\"elementor-element elementor-element-cb232eb elementor-widget elementor-widget-text-editor\" data-id=\"cb232eb\" data-element_type=\"widget\" data-widget_type=\"text-editor.default\">\n\t\t\t\t<div class=\"elementor-widget-container\">\n\t\t\t\t\t\t\t\t\t<p>La festa sar\u00e0 accompagnata anche da momenti di musica dal vivo.<br \/>Sabato 14 marzo dalle 22:00 si esibiranno i Dreams, tribute band del gruppo irlandese The Cranberries, mentre marted\u00ec 17 marzo, sempre dalle 22:00, sar\u00e0 la volta de L\u2019Orkestraccia Light.<\/p>\t\t\t\t\t\t\t\t<\/div>\n\t\t\t\t<\/div>\n\t\t\t\t<div class=\"elementor-element elementor-element-9258b9b elementor-widget elementor-widget-text-editor\" data-id=\"9258b9b\" data-element_type=\"widget\" data-widget_type=\"text-editor.default\">\n\t\t\t\t<div class=\"elementor-widget-container\">\n\t\t\t\t\t\t\t\t\t<p><strong>La festa di San Patrizio<\/strong><\/p>\t\t\t\t\t\t\t\t<\/div>\n\t\t\t\t<\/div>\n\t\t\t\t<div class=\"elementor-element elementor-element-2662a01 elementor-widget elementor-widget-text-editor\" data-id=\"2662a01\" data-element_type=\"widget\" data-widget_type=\"text-editor.default\">\n\t\t\t\t<div class=\"elementor-widget-container\">\n\t\t\t\t\t\t\t\t\t<p>San Patrizio \u00e8 il santo patrono d\u2019Irlanda e la sua festa si celebra ogni anno il 17 marzo. \u00c8 una delle ricorrenze pi\u00f9 importanti del Paese, durante la quale citt\u00e0 e villaggi si riempiono di concerti, parate e momenti di festa.<br \/>Il verde diventa il colore simbolo della giornata: lo si indossa come segno di appartenenza e di buon auspicio, mentre allegria e voglia di festeggiare riempiono le strade.<\/p>\n<p>\u00a0<\/p>\n<p>Anche al<strong> Naturart\u6751<\/strong> lo spirito di questa festa prende vita per qualche giorno, tra piatti speciali, musica e il piacere di stare insieme.<\/p>\t\t\t\t\t\t\t\t<\/div>\n\t\t\t\t<\/div>\n\t\t\t\t\t<\/div>\n\t\t\t\t<\/div>\n\t\t\t\t<\/div>","protected":false},"excerpt":{"rendered":"<p>Dal 13 al 17 marzo il Naturart Village si tinge di verde per celebrare insieme San Patrizio, una delle feste [&hellip;]<\/p>","protected":false},"author":1,"featured_media":8875,"comment_status":"open","ping_status":"open","sticky":false,"template":"","format":"standard","meta":{"_acf_changed":false,"site-sidebar-layout":"default","site-content-layout":"","ast-site-content-layout":"","site-content-style":"default","site-sidebar-style":"default","ast-global-header-display":"","ast-banner-title-visibility":"","ast-main-header-display":"","ast-hfb-above-header-display":"","ast-hfb-below-header-display":"","ast-hfb-mobile-header-display":"","site-post-title":"","ast-breadcrumbs-content":"","ast-featured-img":"","footer-sml-layout":"","theme-transparent-header-meta":"","adv-header-id-meta":"","stick-header-meta":"","header-above-stick-meta":"","header-main-stick-meta":"","header-below-stick-meta":"","astra-migrate-meta-layouts":"default","ast-page-background-enabled":"default","ast-page-background-meta":{"desktop":{"background-color":"var(--ast-global-color-5)","background-image":"","background-repeat":"repeat","background-position":"center center","background-size":"auto","background-attachment":"scroll","background-type":"","background-media":"","overlay-type":"","overlay-color":"","overlay-opacity":"","overlay-gradient":""},"tablet":{"background-color":"","background-image":"","background-repeat":"repeat","background-position":"center center","background-size":"auto","background-attachment":"scroll","background-type":"","background-media":"","overlay-type":"","overlay-color":"","overlay-opacity":"","overlay-gradient":""},"mobile":{"background-color":"","background-image":"","background-repeat":"repeat","background-position":"center center","background-size":"auto","background-attachment":"scroll","background-type":"","background-media":"","overlay-type":"","overlay-color":"","overlay-opacity":"","overlay-gradient":""}},"ast-content-background-meta":{"desktop":{"background-color":"var(--ast-global-color-4)","background-image":"","background-repeat":"repeat","background-position":"center center","background-size":"auto","background-attachment":"scroll","background-type":"","background-media":"","overlay-type":"","overlay-color":"","overlay-opacity":"","overlay-gradient":""},"tablet":{"background-color":"var(--ast-global-color-4)","background-image":"","background-repeat":"repeat","background-position":"center center","background-size":"auto","background-attachment":"scroll","background-type":"","background-media":"","overlay-type":"","overlay-color":"","overlay-opacity":"","overlay-gradient":""},"mobile":{"background-color":"var(--ast-global-color-4)","background-image":"","background-repeat":"repeat","background-position":"center center","background-size":"auto","background-attachment":"scroll","background-type":"","background-media":"","overlay-type":"","overlay-color":"","overlay-opacity":"","overlay-gradient":""}},"footnotes":""},"categories":[1],"tags":[],"class_list":["post-8870","post","type-post","status-publish","format-standard","has-post-thumbnail","hentry","category-uncategorized"],"acf":[],"yoast_head":"<!-- This site is optimized with the Yoast SEO plugin v26.5 - https:\/\/yoast.com\/wordpress\/plugins\/seo\/ -->\n<title>San Patrizio al Naturart Village: birra, musica e sapori speciali - Naturart Village<\/title>\n<meta name=\"robots\" content=\"index, follow, max-snippet:-1, max-image-preview:large, max-video-preview:-1\" \/>\n<link rel=\"canonical\" href=\"https:\/\/naturartvillage.com\/zh\/san-patrizio\/\" \/>\n<meta property=\"og:locale\" content=\"zh_CN\" \/>\n<meta property=\"og:type\" content=\"article\" \/>\n<meta property=\"og:title\" content=\"San Patrizio al Naturart Village: birra, musica e sapori speciali - Naturart Village\" \/>\n<meta property=\"og:description\" content=\"Dal 13 al 17 marzo il Naturart Village si tinge di verde per celebrare insieme San Patrizio, una delle feste [&hellip;]\" \/>\n<meta property=\"og:url\" content=\"https:\/\/naturartvillage.com\/zh\/san-patrizio\/\" \/>\n<meta property=\"og:site_name\" content=\"Naturart Village\" \/>\n<meta property=\"article:published_time\" content=\"2026-03-10T15:22:28+00:00\" \/>\n<meta property=\"article:modified_time\" content=\"2026-03-10T15:30:32+00:00\" \/>\n<meta property=\"og:image\" content=\"https:\/\/naturartvillage.com\/wp-content\/uploads\/2026\/03\/Naturart.png\" \/>\n\t<meta property=\"og:image:width\" content=\"1024\" \/>\n\t<meta property=\"og:image:height\" content=\"654\" \/>\n\t<meta property=\"og:image:type\" content=\"image\/png\" \/>\n<meta name=\"author\" content=\"admin\" \/>\n<meta name=\"twitter:card\" content=\"summary_large_image\" \/>\n<meta name=\"twitter:label1\" content=\"\u4f5c\u8005\" \/>\n\t<meta name=\"twitter:data1\" content=\"admin\" \/>\n\t<meta name=\"twitter:label2\" content=\"\u9884\u8ba1\u9605\u8bfb\u65f6\u95f4\" \/>\n\t<meta name=\"twitter:data2\" content=\"3 \u5206\" \/>\n<script type=\"application\/ld+json\" class=\"yoast-schema-graph\">{\"@context\":\"https:\/\/schema.org\",\"@graph\":[{\"@type\":\"WebPage\",\"@id\":\"https:\/\/naturartvillage.com\/san-patrizio\/\",\"url\":\"https:\/\/naturartvillage.com\/san-patrizio\/\",\"name\":\"San Patrizio al Naturart Village: birra, musica e sapori speciali - Naturart Village\",\"isPartOf\":{\"@id\":\"https:\/\/naturartvillage.com\/#website\"},\"primaryImageOfPage\":{\"@id\":\"https:\/\/naturartvillage.com\/san-patrizio\/#primaryimage\"},\"image\":{\"@id\":\"https:\/\/naturartvillage.com\/san-patrizio\/#primaryimage\"},\"thumbnailUrl\":\"https:\/\/naturartvillage.com\/wp-content\/uploads\/2026\/03\/Naturart.png\",\"datePublished\":\"2026-03-10T15:22:28+00:00\",\"dateModified\":\"2026-03-10T15:30:32+00:00\",\"author\":{\"@id\":\"https:\/\/naturartvillage.com\/#\/schema\/person\/08ad6d755a5880be7238e16a17729d0e\"},\"breadcrumb\":{\"@id\":\"https:\/\/naturartvillage.com\/san-patrizio\/#breadcrumb\"},\"inLanguage\":\"zh-Hans\",\"potentialAction\":[{\"@type\":\"ReadAction\",\"target\":[\"https:\/\/naturartvillage.com\/san-patrizio\/\"]}]},{\"@type\":\"ImageObject\",\"inLanguage\":\"zh-Hans\",\"@id\":\"https:\/\/naturartvillage.com\/san-patrizio\/#primaryimage\",\"url\":\"https:\/\/naturartvillage.com\/wp-content\/uploads\/2026\/03\/Naturart.png\",\"contentUrl\":\"https:\/\/naturartvillage.com\/wp-content\/uploads\/2026\/03\/Naturart.png\",\"width\":1024,\"height\":654},{\"@type\":\"BreadcrumbList\",\"@id\":\"https:\/\/naturartvillage.com\/san-patrizio\/#breadcrumb\",\"itemListElement\":[{\"@type\":\"ListItem\",\"position\":1,\"name\":\"Home\",\"item\":\"https:\/\/naturartvillage.com\/\"},{\"@type\":\"ListItem\",\"position\":2,\"name\":\"San Patrizio al Naturart Village: birra, musica e sapori speciali\"}]},{\"@type\":\"WebSite\",\"@id\":\"https:\/\/naturartvillage.com\/#website\",\"url\":\"https:\/\/naturartvillage.com\/\",\"name\":\"Naturart Village\",\"description\":\"\",\"potentialAction\":[{\"@type\":\"SearchAction\",\"target\":{\"@type\":\"EntryPoint\",\"urlTemplate\":\"https:\/\/naturartvillage.com\/?s={search_term_string}\"},\"query-input\":{\"@type\":\"PropertyValueSpecification\",\"valueRequired\":true,\"valueName\":\"search_term_string\"}}],\"inLanguage\":\"zh-Hans\"},{\"@type\":\"Person\",\"@id\":\"https:\/\/naturartvillage.com\/#\/schema\/person\/08ad6d755a5880be7238e16a17729d0e\",\"name\":\"admin\",\"sameAs\":[\"https:\/\/naturartvillage.com\"],\"url\":\"https:\/\/naturartvillage.com\/zh\/author\/wemasupernova\/\"}]}<\/script>\n<!-- \/ Yoast SEO plugin. -->","yoast_head_json":{"title":"San Patrizio al Naturart Village: birra, musica e sapori speciali - Naturart Village","robots":{"index":"index","follow":"follow","max-snippet":"max-snippet:-1","max-image-preview":"max-image-preview:large","max-video-preview":"max-video-preview:-1"},"canonical":"https:\/\/naturartvillage.com\/zh\/san-patrizio\/","og_locale":"zh_CN","og_type":"article","og_title":"San Patrizio al Naturart Village: birra, musica e sapori speciali - Naturart Village","og_description":"Dal 13 al 17 marzo il Naturart Village si tinge di verde per celebrare insieme San Patrizio, una delle feste [&hellip;]","og_url":"https:\/\/naturartvillage.com\/zh\/san-patrizio\/","og_site_name":"Naturart Village","article_published_time":"2026-03-10T15:22:28+00:00","article_modified_time":"2026-03-10T15:30:32+00:00","og_image":[{"width":1024,"height":654,"url":"https:\/\/naturartvillage.com\/wp-content\/uploads\/2026\/03\/Naturart.png","type":"image\/png"}],"author":"admin","twitter_card":"summary_large_image","twitter_misc":{"\u4f5c\u8005":"admin","\u9884\u8ba1\u9605\u8bfb\u65f6\u95f4":"3 \u5206"},"schema":{"@context":"https:\/\/schema.org","@graph":[{"@type":"WebPage","@id":"https:\/\/naturartvillage.com\/san-patrizio\/","url":"https:\/\/naturartvillage.com\/san-patrizio\/","name":"San Patrizio al Naturart Village: birra, musica e sapori speciali - Naturart Village","isPartOf":{"@id":"https:\/\/naturartvillage.com\/#website"},"primaryImageOfPage":{"@id":"https:\/\/naturartvillage.com\/san-patrizio\/#primaryimage"},"image":{"@id":"https:\/\/naturartvillage.com\/san-patrizio\/#primaryimage"},"thumbnailUrl":"https:\/\/naturartvillage.com\/wp-content\/uploads\/2026\/03\/Naturart.png","datePublished":"2026-03-10T15:22:28+00:00","dateModified":"2026-03-10T15:30:32+00:00","author":{"@id":"https:\/\/naturartvillage.com\/#\/schema\/person\/08ad6d755a5880be7238e16a17729d0e"},"breadcrumb":{"@id":"https:\/\/naturartvillage.com\/san-patrizio\/#breadcrumb"},"inLanguage":"zh-Hans","potentialAction":[{"@type":"ReadAction","target":["https:\/\/naturartvillage.com\/san-patrizio\/"]}]},{"@type":"ImageObject","inLanguage":"zh-Hans","@id":"https:\/\/naturartvillage.com\/san-patrizio\/#primaryimage","url":"https:\/\/naturartvillage.com\/wp-content\/uploads\/2026\/03\/Naturart.png","contentUrl":"https:\/\/naturartvillage.com\/wp-content\/uploads\/2026\/03\/Naturart.png","width":1024,"height":654},{"@type":"BreadcrumbList","@id":"https:\/\/naturartvillage.com\/san-patrizio\/#breadcrumb","itemListElement":[{"@type":"ListItem","position":1,"name":"Home","item":"https:\/\/naturartvillage.com\/"},{"@type":"ListItem","position":2,"name":"San Patrizio al Naturart Village: birra, musica e sapori speciali"}]},{"@type":"WebSite","@id":"https:\/\/naturartvillage.com\/#website","url":"https:\/\/naturartvillage.com\/","name":"Naturart\u6751","description":"","potentialAction":[{"@type":"SearchAction","target":{"@type":"EntryPoint","urlTemplate":"https:\/\/naturartvillage.com\/?s={search_term_string}"},"query-input":{"@type":"PropertyValueSpecification","valueRequired":true,"valueName":"search_term_string"}}],"inLanguage":"zh-Hans"},{"@type":"Person","@id":"https:\/\/naturartvillage.com\/#\/schema\/person\/08ad6d755a5880be7238e16a17729d0e","name":"\u7ba1\u7406","sameAs":["https:\/\/naturartvillage.com"],"url":"https:\/\/naturartvillage.com\/zh\/author\/wemasupernova\/"}]}},"_links":{"self":[{"href":"https:\/\/naturartvillage.com\/zh\/wp-json\/wp\/v2\/posts\/8870","targetHints":{"allow":["GET"]}}],"collection":[{"href":"https:\/\/naturartvillage.com\/zh\/wp-json\/wp\/v2\/posts"}],"about":[{"href":"https:\/\/naturartvillage.com\/zh\/wp-json\/wp\/v2\/types\/post"}],"author":[{"embeddable":true,"href":"https:\/\/naturartvillage.com\/zh\/wp-json\/wp\/v2\/users\/1"}],"replies":[{"embeddable":true,"href":"https:\/\/naturartvillage.com\/zh\/wp-json\/wp\/v2\/comments?post=8870"}],"version-history":[{"count":4,"href":"https:\/\/naturartvillage.com\/zh\/wp-json\/wp\/v2\/posts\/8870\/revisions"}],"predecessor-version":[{"id":8874,"href":"https:\/\/naturartvillage.com\/zh\/wp-json\/wp\/v2\/posts\/8870\/revisions\/8874"}],"wp:featuredmedia":[{"embeddable":true,"href":"https:\/\/naturartvillage.com\/zh\/wp-json\/wp\/v2\/media\/8875"}],"wp:attachment":[{"href":"https:\/\/naturartvillage.com\/zh\/wp-json\/wp\/v2\/media?parent=8870"}],"wp:term":[{"taxonomy":"category","embeddable":true,"href":"https:\/\/naturartvillage.com\/zh\/wp-json\/wp\/v2\/categories?post=8870"},{"taxonomy":"post_tag","embeddable":true,"href":"https:\/\/naturartvillage.com\/zh\/wp-json\/wp\/v2\/tags?post=8870"}],"curies":[{"name":"wp","href":"https:\/\/api.w.org\/{rel}","templated":true}]}}